{"id":7236,"date":"2022-01-12T11:18:07","date_gmt":"2022-01-12T14:18:07","guid":{"rendered":"https:\/\/visit7wonders.com\/?p=7236"},"modified":"2022-01-12T11:18:33","modified_gmt":"2022-01-12T14:18:33","slug":"rio-de-janeiro-cancels-its-carnival-streets-parades-as-a-sanitary-measure","status":"publish","type":"post","link":"https:\/\/visit7wonders.com\/es\/2022\/01\/12\/rio-de-janeiro-cancels-its-carnival-streets-parades-as-a-sanitary-measure\/","title":{"rendered":"R\u00edo de Janeiro cancela sus desfiles callejeros de carnaval como medida sanitaria"},"content":{"rendered":"<p><span style=\"font-weight: 400;\">La ciudad que alberga al Cristo Redentor, una de las Nuevas 7 Maravillas del Mundo, anunci\u00f3 la decisi\u00f3n gubernamental de cancelar los desfiles callejeros de carnaval m\u00e1s famosos del mundo debido al brote de nuevos casos.<\/span><\/p>\n<p>&nbsp;<\/p>\n<p><span style=\"font-weight: 400;\">El alcalde de R\u00edo de Janeiro, Eduardo Paes, anunci\u00f3 la cancelaci\u00f3n de los tradicionales desfiles callejeros de la \u00e9poca del carnaval de la ciudad, una decisi\u00f3n tomada despu\u00e9s de reunirse con representantes de los \u00abblocos\u00bb del carnaval de la ciudad, los principales actores del carnaval.<\/span><\/p>\n<p>&nbsp;<\/p>\n<p><span style=\"font-weight: 400;\">El carnaval de este a\u00f1o estaba programado del 25 de febrero al 2 de marzo, con m\u00e1s de 500 blocos planeando actuar en las calles con gente de todo el mundo. Sin embargo, las autoridades informaron que la actuaci\u00f3n del Samb\u00f3dromo se llevar\u00e1 a cabo seg\u00fan lo planeado, ya que el lugar similar a un estadio permite a las autoridades tomar precauciones de salud.<\/span><\/p>\n<p>&nbsp;<\/p>\n","protected":false},"excerpt":{"rendered":"<p>La ciudad que alberga al Cristo Redentor, una de las Nuevas 7 Maravillas del Mundo, anunci\u00f3 la decisi\u00f3n gubernamental de cancelar los desfiles callejeros de&hellip;<\/p>\n","protected":false},"author":9,"featured_media":7237,"comment_status":"closed","ping_status":"open","sticky":false,"template":"","format":"standard","meta":{"footnotes":""},"categories":[8,26],"tags":[],"class_list":["post-7236","post","type-post","status-publish","format-standard","has-post-thumbnail","hentry","category-brasil","category-new-7-wonders-of-the-world"],"_links":{"self":[{"href":"https:\/\/visit7wonders.com\/es\/wp-json\/wp\/v2\/posts\/7236","targetHints":{"allow":["GET"]}}],"collection":[{"href":"https:\/\/visit7wonders.com\/es\/wp-json\/wp\/v2\/posts"}],"about":[{"href":"https:\/\/visit7wonders.com\/es\/wp-json\/wp\/v2\/types\/post"}],"author":[{"embeddable":true,"href":"https:\/\/visit7wonders.com\/es\/wp-json\/wp\/v2\/users\/9"}],"replies":[{"embeddable":true,"href":"https:\/\/visit7wonders.com\/es\/wp-json\/wp\/v2\/comments?post=7236"}],"version-history":[{"count":2,"href":"https:\/\/visit7wonders.com\/es\/wp-json\/wp\/v2\/posts\/7236\/revisions"}],"predecessor-version":[{"id":7239,"href":"https:\/\/visit7wonders.com\/es\/wp-json\/wp\/v2\/posts\/7236\/revisions\/7239"}],"wp:featuredmedia":[{"embeddable":true,"href":"https:\/\/visit7wonders.com\/es\/wp-json\/wp\/v2\/media\/7237"}],"wp:attachment":[{"href":"https:\/\/visit7wonders.com\/es\/wp-json\/wp\/v2\/media?parent=7236"}],"wp:term":[{"taxonomy":"category","embeddable":true,"href":"https:\/\/visit7wonders.com\/es\/wp-json\/wp\/v2\/categories?post=7236"},{"taxonomy":"post_tag","embeddable":true,"href":"https:\/\/visit7wonders.com\/es\/wp-json\/wp\/v2\/tags?post=7236"}],"curies":[{"name":"wp","href":"https:\/\/api.w.org\/{rel}","templated":true}]}}