{"id":7289,"date":"2022-01-26T10:41:01","date_gmt":"2022-01-26T13:41:01","guid":{"rendered":"https:\/\/visit7wonders.com\/?p=7289"},"modified":"2022-01-26T10:41:33","modified_gmt":"2022-01-26T13:41:33","slug":"machu-picchu-peru-presented-its-potential-at-fitur","status":"publish","type":"post","link":"https:\/\/visit7wonders.com\/es\/2022\/01\/26\/machu-picchu-peru-presented-its-potential-at-fitur\/","title":{"rendered":"Machu Picchu: Per\u00fa present\u00f3 su potencial en FITUR"},"content":{"rendered":"<p><span style=\"font-weight: 400;\">El pa\u00eds que alberga a Machu Picchu, una de las Nuevas 7 Maravillas del Mundo, present\u00f3 su oferta tur\u00edstica en la \u00faltima edici\u00f3n de FITUR, uno de los eventos m\u00e1s importantes de la industria.<\/span><\/p>\n<p>&nbsp;<\/p>\n<p><span style=\"font-weight: 400;\">La participaci\u00f3n de Per\u00fa en la edici\u00f3n de este a\u00f1o se enmarca en la estrategia de promoci\u00f3n y recuperaci\u00f3n para restablecer el flujo de viajeros a los niveles previos a la pandemia que puso en marcha el Gobierno peruano durante el a\u00f1o pasado, ya que Espa\u00f1a es el principal mercado emisor de turistas europeos a Per\u00fa, seguido de Francia. y Alemania<\/span><\/p>\n<p>&nbsp;<\/p>\n<p><span style=\"font-weight: 400;\">La Presidenta Ejecutiva del Consejo de Promoci\u00f3n Tur\u00edstica y de Exportaciones del Per\u00fa (PromPer\u00fa), Amora Carbajal, afirm\u00f3 que est\u00e1n \u201cfelices de regresar a una feria de trascendencia internacional como FITUR, para mostrar c\u00f3mo nos hemos adaptado a las nuevas tendencias de viajes con enfoque en el turismo sostenible\u201d. los viajeros muestran un alto \u00edndice de repetibilidad, lo que nos permite brindar alternativas al circuito tradicional y diversificar los atractivos tur\u00edsticos del pa\u00eds\u201d.<\/span><\/p>\n","protected":false},"excerpt":{"rendered":"<p>El pa\u00eds que alberga a Machu Picchu, una de las Nuevas 7 Maravillas del Mundo, present\u00f3 su oferta tur\u00edstica en la \u00faltima edici\u00f3n de FITUR,&hellip;<\/p>\n","protected":false},"author":9,"featured_media":7290,"comment_status":"closed","ping_status":"open","sticky":false,"template":"","format":"standard","meta":{"footnotes":""},"categories":[26,29],"tags":[],"class_list":["post-7289","post","type-post","status-publish","format-standard","has-post-thumbnail","hentry","category-new-7-wonders-of-the-world","category-peru"],"_links":{"self":[{"href":"https:\/\/visit7wonders.com\/es\/wp-json\/wp\/v2\/posts\/7289","targetHints":{"allow":["GET"]}}],"collection":[{"href":"https:\/\/visit7wonders.com\/es\/wp-json\/wp\/v2\/posts"}],"about":[{"href":"https:\/\/visit7wonders.com\/es\/wp-json\/wp\/v2\/types\/post"}],"author":[{"embeddable":true,"href":"https:\/\/visit7wonders.com\/es\/wp-json\/wp\/v2\/users\/9"}],"replies":[{"embeddable":true,"href":"https:\/\/visit7wonders.com\/es\/wp-json\/wp\/v2\/comments?post=7289"}],"version-history":[{"count":2,"href":"https:\/\/visit7wonders.com\/es\/wp-json\/wp\/v2\/posts\/7289\/revisions"}],"predecessor-version":[{"id":7292,"href":"https:\/\/visit7wonders.com\/es\/wp-json\/wp\/v2\/posts\/7289\/revisions\/7292"}],"wp:featuredmedia":[{"embeddable":true,"href":"https:\/\/visit7wonders.com\/es\/wp-json\/wp\/v2\/media\/7290"}],"wp:attachment":[{"href":"https:\/\/visit7wonders.com\/es\/wp-json\/wp\/v2\/media?parent=7289"}],"wp:term":[{"taxonomy":"category","embeddable":true,"href":"https:\/\/visit7wonders.com\/es\/wp-json\/wp\/v2\/categories?post=7289"},{"taxonomy":"post_tag","embeddable":true,"href":"https:\/\/visit7wonders.com\/es\/wp-json\/wp\/v2\/tags?post=7289"}],"curies":[{"name":"wp","href":"https:\/\/api.w.org\/{rel}","templated":true}]}}